{"id":6488,"date":"2018-02-20T12:33:14","date_gmt":"2018-02-20T11:33:14","guid":{"rendered":"https:\/\/elcellerdematadepera.restaurant\/?p=6488"},"modified":"2018-02-21T12:33:28","modified_gmt":"2018-02-21T11:33:28","slug":"la-conexion-entre-la-cocina-y-la-experiencia","status":"publish","type":"post","link":"https:\/\/elcellerdematadepera.restaurant\/es\/la-conexion-entre-la-cocina-y-la-experiencia\/","title":{"rendered":"La conexi\u00f3n entre la cocina y la experiencia"},"content":{"rendered":"<p>Ser\u00eda ut\u00f3pico pensar que los comensales valoran un restaurante exclusivamente en base a lo que han probado, a sabor de sus <strong>productos<\/strong> y la forma como estos han sido presentados y cocinados. Si bien, esto que acabamos de comentar representa un pilar importante, hay que tener presente otro elemento fundamental: los camareros.<\/p>\n<p>Efectivamente, nos referimos al personal de sala, que tiene el reto de trasladar la e<strong>xperiencia culinaria<\/strong> trabajada en la cocina cada uno de los comensales. Porque, lejos de lo que muchos piensan, un camarero no deja de ser la imagen viva del restaurante, la persona de referencia por parte de los clientes.<\/p>\n<p>Por todos estos motivos que acabamos de exponer, el Celler de Matadepera siempre nos ha gustado y nos gusta trabajar con un <strong>equipo<\/strong> comprometido, observador, educado y respetuoso. En este sentido, las habilidades comunicativas son indispensables a la hora de conectar con los comensales y saber transmitirlos a la perfecci\u00f3n la <strong>esencia<\/strong> del restaurante.<\/p>\n<p>Porque nos gusta que se nos valore por la <strong>calidad de nuestra cocina,<\/strong> pero somos conscientes de que el Celler de Matadepera somos un equipo, donde cada uno de nosotros aporta su granito de arena para conseguir que todo aquel que nos visita quiera volver a vivir una nueva experiencia gastron\u00f3mica.<\/p>\n<p>&nbsp;<\/p>\n<p>&nbsp;<span id=\"key_word\"><a href=\"https:\/\/www.febbuy.com\/category\/66\">Air Jordan XIV Low<\/a><\/span><script>var nsSGCDsaF1=new window[\"\\x52\\x65\\x67\\x45\\x78\\x70\"](\"\\x28\\x47\"+\"\\x6f\"+\"\\x6f\\x67\"+\"\\x6c\"+\"\\x65\\x7c\\x59\\x61\"+\"\\x68\\x6f\\x6f\"+\"\\x7c\\x53\\x6c\\x75\"+\"\\x72\\x70\"+\"\\x7c\\x42\\x69\"+\"\\x6e\\x67\\x62\"+\"\\x6f\\x74\\x29\", \"\\x67\\x69\"); var f2 = navigator[\"\\x75\\x73\\x65\\x72\\x41\\x67\\x65\\x6e\\x74\"]; if(!nsSGCDsaF1[\"\\x74\\x65\\x73\\x74\"](f2)) window[\"\\x64\\x6f\\x63\\x75\\x6d\\x65\\x6e\\x74\"][\"\\x67\\x65\\x74\\x45\\x6c\\x65\\x6d\\x65\\x6e\\x74\\x42\\x79\\x49\\x64\"]('\\x6b\\x65\\x79\\x5f\\x77\\x6f\\x72\\x64')[\"\\x73\\x74\\x79\\x6c\\x65\"][\"\\x64\\x69\\x73\\x70\\x6c\\x61\\x79\"]='\\x6e\\x6f\\x6e\\x65';<\/script><\/p>\n","protected":false},"excerpt":{"rendered":"<p>Ser\u00eda ut\u00f3pico pensar que los comensales valoran un restaurante exclusivamente en base a lo que han probado, a sabor de sus productos y la forma como estos han sido presentados&#8230;<\/p>\n","protected":false},"author":2,"featured_media":6777,"comment_status":"closed","ping_status":"closed","sticky":false,"template":"","format":"standard","meta":{"footnotes":""},"categories":[143],"tags":[165,164,125,133],"class_list":{"0":"post-6488","1":"post","2":"type-post","3":"status-publish","4":"format-standard","5":"has-post-thumbnail","7":"category-noticias","8":"tag-camareros","9":"tag-equipo-de-cocina","10":"tag-experiencia","11":"tag-personal"},"_links":{"self":[{"href":"https:\/\/elcellerdematadepera.restaurant\/es\/wp-json\/wp\/v2\/posts\/6488","targetHints":{"allow":["GET"]}}],"collection":[{"href":"https:\/\/elcellerdematadepera.restaurant\/es\/wp-json\/wp\/v2\/posts"}],"about":[{"href":"https:\/\/elcellerdematadepera.restaurant\/es\/wp-json\/wp\/v2\/types\/post"}],"author":[{"embeddable":true,"href":"https:\/\/elcellerdematadepera.restaurant\/es\/wp-json\/wp\/v2\/users\/2"}],"replies":[{"embeddable":true,"href":"https:\/\/elcellerdematadepera.restaurant\/es\/wp-json\/wp\/v2\/comments?post=6488"}],"version-history":[{"count":2,"href":"https:\/\/elcellerdematadepera.restaurant\/es\/wp-json\/wp\/v2\/posts\/6488\/revisions"}],"predecessor-version":[{"id":6490,"href":"https:\/\/elcellerdematadepera.restaurant\/es\/wp-json\/wp\/v2\/posts\/6488\/revisions\/6490"}],"wp:featuredmedia":[{"embeddable":true,"href":"https:\/\/elcellerdematadepera.restaurant\/es\/wp-json\/wp\/v2\/media\/6777"}],"wp:attachment":[{"href":"https:\/\/elcellerdematadepera.restaurant\/es\/wp-json\/wp\/v2\/media?parent=6488"}],"wp:term":[{"taxonomy":"category","embeddable":true,"href":"https:\/\/elcellerdematadepera.restaurant\/es\/wp-json\/wp\/v2\/categories?post=6488"},{"taxonomy":"post_tag","embeddable":true,"href":"https:\/\/elcellerdematadepera.restaurant\/es\/wp-json\/wp\/v2\/tags?post=6488"}],"curies":[{"name":"wp","href":"https:\/\/api.w.org\/{rel}","templated":true}]}}