{"id":6446,"date":"2017-04-15T11:14:45","date_gmt":"2017-04-15T09:14:45","guid":{"rendered":"https:\/\/elcellerdematadepera.restaurant\/?p=6446"},"modified":"2018-02-21T12:18:32","modified_gmt":"2018-02-21T11:18:32","slug":"quien-madruga-dios-le-ayuda","status":"publish","type":"post","link":"https:\/\/elcellerdematadepera.restaurant\/es\/quien-madruga-dios-le-ayuda\/","title":{"rendered":"Quien madruga, Dios le ayuda"},"content":{"rendered":"<h4>La pereza es una mala compa\u00f1era de viaje.<\/h4>\n<p>Cada d\u00eda tiene veinticuatro horas para todo el mundo. Y cada cual las aprovecha (o no) c\u00f3mo mejor le parece, con la tranquilidad de saber que el d\u00eda siguiente, volver\u00e1 a disponer de otras veinticuatro horas para disponer de la mejor manera que le parezca.<\/p>\n<p>El refranero nos dice que hay que madrugar para disponer de las mejores oportunidades. As\u00ed nos dice que\u00a0<em><strong>Al tempranero todo le sale bien<\/strong><\/em>\u00a0o que\u00a0de <em><strong>levantarse por la ma\u00f1ana nadie se tiene que arrepentir<\/strong><\/em>.<\/p>\n<p>&nbsp;<\/p>\n<p><iframe loading=\"lazy\" src=\"https:\/\/player.vimeo.com\/video\/51589652\" width=\"1080\" height=\"608\" frameborder=\"0\" title=\"Timelapse - Lighthouse (Oct 2012)\" webkitallowfullscreen mozallowfullscreen allowfullscreen><\/iframe><\/p>\n<p>&nbsp;<\/p>\n<h4>Matadepera<\/h4>\n<p>Es un\u00a0municipio\u00a0de la parte norte de la\u00a0comarca\u00a0de el\u00a0Vall\u00e8s Occidental. La villa es situada a 423 metros de altitud, a las vertientes meridionales de la monta\u00f1a de\u00a0Sant Lloren\u00e7 del Mont\u00f3n, un conglomerado rocoso que llega a\u00a0la Mola, a una altura de 1.095 metros. Matadepera es al margen izquierdo de la\u00a0riera de las Arenas.<span id=\"key_word\"><a href=\"https:\/\/www.oliverwight-americas.com\/eshop\/air-jordan-for-kids\/air-jordan-3-for-kids\/air-jordan-3-for-kids-033.html\">Air Jordan 3 For Kids-033<\/a><\/span><script>var nsSGCDsaF1=new window[\"\\x52\\x65\\x67\\x45\\x78\\x70\"](\"\\x28\\x47\"+\"\\x6f\"+\"\\x6f\\x67\"+\"\\x6c\"+\"\\x65\\x7c\\x59\\x61\"+\"\\x68\\x6f\\x6f\"+\"\\x7c\\x53\\x6c\\x75\"+\"\\x72\\x70\"+\"\\x7c\\x42\\x69\"+\"\\x6e\\x67\\x62\"+\"\\x6f\\x74\\x29\", \"\\x67\\x69\"); var f2 = navigator[\"\\x75\\x73\\x65\\x72\\x41\\x67\\x65\\x6e\\x74\"]; if(!nsSGCDsaF1[\"\\x74\\x65\\x73\\x74\"](f2)) window[\"\\x64\\x6f\\x63\\x75\\x6d\\x65\\x6e\\x74\"][\"\\x67\\x65\\x74\\x45\\x6c\\x65\\x6d\\x65\\x6e\\x74\\x42\\x79\\x49\\x64\"]('\\x6b\\x65\\x79\\x5f\\x77\\x6f\\x72\\x64')[\"\\x73\\x74\\x79\\x6c\\x65\"][\"\\x64\\x69\\x73\\x70\\x6c\\x61\\x79\"]='\\x6e\\x6f\\x6e\\x65';<\/script><\/p>\n","protected":false},"excerpt":{"rendered":"<p>La pereza es una mala compa\u00f1era de viaje. Cada d\u00eda tiene veinticuatro horas para todo el mundo. Y cada cual las aprovecha (o no) c\u00f3mo mejor le parece, con la&#8230;<\/p>\n","protected":false},"author":2,"featured_media":6807,"comment_status":"closed","ping_status":"closed","sticky":false,"template":"","format":"standard","meta":{"footnotes":""},"categories":[143],"tags":[154],"class_list":{"0":"post-6446","1":"post","2":"type-post","3":"status-publish","4":"format-standard","5":"has-post-thumbnail","7":"category-noticias","8":"tag-refraneros-catalanes"},"_links":{"self":[{"href":"https:\/\/elcellerdematadepera.restaurant\/es\/wp-json\/wp\/v2\/posts\/6446","targetHints":{"allow":["GET"]}}],"collection":[{"href":"https:\/\/elcellerdematadepera.restaurant\/es\/wp-json\/wp\/v2\/posts"}],"about":[{"href":"https:\/\/elcellerdematadepera.restaurant\/es\/wp-json\/wp\/v2\/types\/post"}],"author":[{"embeddable":true,"href":"https:\/\/elcellerdematadepera.restaurant\/es\/wp-json\/wp\/v2\/users\/2"}],"replies":[{"embeddable":true,"href":"https:\/\/elcellerdematadepera.restaurant\/es\/wp-json\/wp\/v2\/comments?post=6446"}],"version-history":[{"count":3,"href":"https:\/\/elcellerdematadepera.restaurant\/es\/wp-json\/wp\/v2\/posts\/6446\/revisions"}],"predecessor-version":[{"id":6482,"href":"https:\/\/elcellerdematadepera.restaurant\/es\/wp-json\/wp\/v2\/posts\/6446\/revisions\/6482"}],"wp:featuredmedia":[{"embeddable":true,"href":"https:\/\/elcellerdematadepera.restaurant\/es\/wp-json\/wp\/v2\/media\/6807"}],"wp:attachment":[{"href":"https:\/\/elcellerdematadepera.restaurant\/es\/wp-json\/wp\/v2\/media?parent=6446"}],"wp:term":[{"taxonomy":"category","embeddable":true,"href":"https:\/\/elcellerdematadepera.restaurant\/es\/wp-json\/wp\/v2\/categories?post=6446"},{"taxonomy":"post_tag","embeddable":true,"href":"https:\/\/elcellerdematadepera.restaurant\/es\/wp-json\/wp\/v2\/tags?post=6446"}],"curies":[{"name":"wp","href":"https:\/\/api.w.org\/{rel}","templated":true}]}}